{"id":5366,"date":"2019-02-26T19:37:33","date_gmt":"2019-02-26T18:37:33","guid":{"rendered":"https:\/\/www.trailtech.de\/blog\/?p=5366"},"modified":"2019-02-26T19:37:33","modified_gmt":"2019-02-26T18:37:33","slug":"team-fahrtechnik-fortbildung","status":"publish","type":"post","link":"https:\/\/www.trailtech.de\/blog\/team-fahrtechnik-fortbildung\/","title":{"rendered":"Team Fahrtechnik Fortbildung"},"content":{"rendered":"<p>Der Mountainbikesport ver\u00e4ndert sich permanent weiter, mit ihm auch die Technik und letztlich zu einem gewissen Grad auch die Fahrtechnik. Dar\u00fcber hinaus steigt auch die Erfahrung unserer Trainer und Guides mit jeder gefahrenen Tour und jedem absolvierten Fahrtechnikkurs und nat\u00fcrlich auch durch die pers\u00f6nlichen Erlebnisse eines jeden einzelnen.\u00a0 Kein Kurs ist wie der andere, kein Sch\u00fcler und keine Sch\u00fclerin sind gleich und nat\u00fcrlich sind auch der Lehrplan oder einzelne \u00dcbungen mal mehr und mal weniger effektiv. Jeder Mountainbiker lernt anders und entsprechend gro\u00df und umfangreich sollte das Repertoire eines Trainer sein. Nur so kann man sich optimal an das Niveau des Sch\u00fclers herantasten, ihn dort abholen wo er sich gerade befindet und mit dem passenden Training erfolgreich sicherer und besser zu machen.<br \/>\nAuf der anderen Seite lernt man ja bekanntlich selber nie aus und es kann auch sein, das sich bestimmte Muster bei der eigenen Fahrtechnik \u00fcber die Zeit eingeschliffen haben, die vielleicht nicht mehr aktuell, nicht optimal oder gar falsch sind. Falsch ist in diesem Fall vielleicht ein zu starkes Wort, da es beim Mountainbiken ja in erster Linie um den Spa\u00df am Fahren geht. Wenn ein Mountainbiker mit nicht ganz optimaler Position auf dem Bike trotzdem eine Menge Spa\u00df hat, vielleicht sogar wenig ver\u00e4ndern m\u00f6chte, so sollte man das sicherlich auch ber\u00fccksichtigen. Dennoch ist es wichtig auf die wahrscheinlich bessere, saubere Technik und Ausf\u00fchrung hinzuweisen, den Sinn und Zweck deutlich und klar hervorzuheben und passend zu korrigieren. Dem Sch\u00fcler muss klar sein, warum man etwas macht, warum man eine bestimmte Position einnimmt, eine Fahrtechnik anwendet und welchen Effekt dies hat.<\/p>\n<p>Genau deswegen treffen wir uns regelm\u00e4\u00dfig mit unseren Trainern und Guides, um uns auszutauschen, uns gegenseitig zu korrigieren und gemeinsam zu Lernen. Der Spa\u00df und das Fahren einer Tour kommen dabei nie zu kurz, denn nur lernt man schnell und positiv und verinnerlicht auch neue Inhalte schnell. Am vergangenen Wochenende trafen wir uns in Bad Harzburg und fuhren unsere klassischen Runden der LEVEL 1 und 2 Seminare ab. Nebenbei wurde w\u00e4hrend kurzer Stopps immer mal wieder eine Technikeinheit eingestreut und an der entsprechenden Sektion \u00fcberpr\u00fcft. Das Wetter war mal wieder ein Traum und die fr\u00fchlingshaften Temperaturen lassen auf einen fr\u00fchen Saisonstart hoffen.<\/p>\n<p>Danke an alle die dabei waren. Es war super und ich freue mich schon auf unser n\u00e4chstes Team-Meeting im M\u00e4rz. Und nat\u00fcrlich auch ein fettes Dankesch\u00f6n an Luka von <a href=\"https:\/\/luxfotowerk.de\/\">LUX FOTOWERK<\/a><\/p>\n<div id='gallery-1' class='gallery galleryid-5366 gallery-columns-4 gallery-size-thumbnail'><figure class='gallery-item'>\n\t\t\t<div class='gallery-icon landscape'>\n\t\t\t\t<a href='https:\/\/www.trailtech.de\/blog\/team-fahrtechnik-fortbildung\/trailtech-240219-1\/'><img loading=\"lazy\" decoding=\"async\" width=\"150\" height=\"150\" src=\"https:\/\/www.trailtech.de\/blog\/wp-content\/uploads\/2019\/02\/trailtech-240219-1-150x150.jpg\" class=\"attachment-thumbnail size-thumbnail\" alt=\"\" aria-describedby=\"gallery-1-5369\" style=\"width:100%;height:66.77%;max-width:1920px;\" \/><\/a>\n\t\t\t<\/div>\n\t\t\t\t<figcaption class='wp-caption-text gallery-caption' id='gallery-1-5369'>\n\t\t\t\tDie Auffahrt \u00fcber den Winterberghangweg bei Bad Harzburg -ein herrlicher Trail.\n\t\t\t\t<\/figcaption><\/figure><figure class='gallery-item'>\n\t\t\t<div class='gallery-icon landscape'>\n\t\t\t\t<a href='https:\/\/www.trailtech.de\/blog\/team-fahrtechnik-fortbildung\/trailtech-240219-14\/'><img loading=\"lazy\" decoding=\"async\" width=\"150\" height=\"150\" src=\"https:\/\/www.trailtech.de\/blog\/wp-content\/uploads\/2019\/02\/trailtech-240219-14-150x150.jpg\" class=\"attachment-thumbnail size-thumbnail\" alt=\"\" aria-describedby=\"gallery-1-5371\" style=\"width:100%;height:66.67%;max-width:1920px;\" \/><\/a>\n\t\t\t<\/div>\n\t\t\t\t<figcaption class='wp-caption-text gallery-caption' id='gallery-1-5371'>\n\t\t\t\tDie Guides und Trainer auf dem Weg nach Torfhaus. Das Wetter war einfach genial.\n\t\t\t\t<\/figcaption><\/figure><figure class='gallery-item'>\n\t\t\t<div class='gallery-icon landscape'>\n\t\t\t\t<a href='https:\/\/www.trailtech.de\/blog\/team-fahrtechnik-fortbildung\/trailtech-240219-6\/'><img loading=\"lazy\" decoding=\"async\" width=\"150\" height=\"150\" src=\"https:\/\/www.trailtech.de\/blog\/wp-content\/uploads\/2019\/02\/trailtech-240219-6-150x150.jpg\" class=\"attachment-thumbnail size-thumbnail\" alt=\"\" aria-describedby=\"gallery-1-5370\" style=\"width:100%;height:66.77%;max-width:1920px;\" \/><\/a>\n\t\t\t<\/div>\n\t\t\t\t<figcaption class='wp-caption-text gallery-caption' id='gallery-1-5370'>\n\t\t\t\tGuide und Trailtech Chef Jan spielt mit seinem Nicolai Saturn 11.\n\t\t\t\t<\/figcaption><\/figure><figure class='gallery-item'>\n\t\t\t<div class='gallery-icon landscape'>\n\t\t\t\t<a href='https:\/\/www.trailtech.de\/blog\/team-fahrtechnik-fortbildung\/trailtech-240219-42\/'><img loading=\"lazy\" decoding=\"async\" width=\"150\" height=\"150\" src=\"https:\/\/www.trailtech.de\/blog\/wp-content\/uploads\/2019\/02\/trailtech-240219-42-150x150.jpg\" class=\"attachment-thumbnail size-thumbnail\" alt=\"\" aria-describedby=\"gallery-1-5378\" style=\"width:100%;height:66.77%;max-width:1920px;\" \/><\/a>\n\t\t\t<\/div>\n\t\t\t\t<figcaption class='wp-caption-text gallery-caption' id='gallery-1-5378'>\n\t\t\t\tDie Guides und Trainer hatten eine Menge Spa\u00df im Wald.\n\t\t\t\t<\/figcaption><\/figure><figure class='gallery-item'>\n\t\t\t<div class='gallery-icon landscape'>\n\t\t\t\t<a href='https:\/\/www.trailtech.de\/blog\/team-fahrtechnik-fortbildung\/trailtech-240219-17\/'><img loading=\"lazy\" decoding=\"async\" width=\"150\" height=\"150\" src=\"https:\/\/www.trailtech.de\/blog\/wp-content\/uploads\/2019\/02\/trailtech-240219-17-150x150.jpg\" class=\"attachment-thumbnail size-thumbnail\" alt=\"\" aria-describedby=\"gallery-1-5373\" style=\"width:100%;height:66.67%;max-width:1920px;\" \/><\/a>\n\t\t\t<\/div>\n\t\t\t\t<figcaption class='wp-caption-text gallery-caption' id='gallery-1-5373'>\n\t\t\t\tAbfahrtsspa\u00df und eine Menge Sonne. Der harz zeigte sich am Wochenende von seiner besten Seite.\n\t\t\t\t<\/figcaption><\/figure><figure class='gallery-item'>\n\t\t\t<div class='gallery-icon landscape'>\n\t\t\t\t<a href='https:\/\/www.trailtech.de\/blog\/team-fahrtechnik-fortbildung\/trailtech-240219-16\/'><img loading=\"lazy\" decoding=\"async\" width=\"150\" height=\"150\" src=\"https:\/\/www.trailtech.de\/blog\/wp-content\/uploads\/2019\/02\/trailtech-240219-16-150x150.jpg\" class=\"attachment-thumbnail size-thumbnail\" alt=\"\" aria-describedby=\"gallery-1-5372\" style=\"width:100%;height:66.67%;max-width:1920px;\" \/><\/a>\n\t\t\t<\/div>\n\t\t\t\t<figcaption class='wp-caption-text gallery-caption' id='gallery-1-5372'>\n\t\t\t\tFachsimpeln und Austauschen w\u00e4hrend der Tour durch den Harz. Bei diesem Wetter macht das richtig Laune.\n\t\t\t\t<\/figcaption><\/figure><figure class='gallery-item'>\n\t\t\t<div class='gallery-icon landscape'>\n\t\t\t\t<a href='https:\/\/www.trailtech.de\/blog\/team-fahrtechnik-fortbildung\/trailtech-240219-19\/'><img loading=\"lazy\" decoding=\"async\" width=\"150\" height=\"150\" src=\"https:\/\/www.trailtech.de\/blog\/wp-content\/uploads\/2019\/02\/trailtech-240219-19-150x150.jpg\" class=\"attachment-thumbnail size-thumbnail\" alt=\"\" aria-describedby=\"gallery-1-5374\" style=\"width:100%;height:66.77%;max-width:1920px;\" \/><\/a>\n\t\t\t<\/div>\n\t\t\t\t<figcaption class='wp-caption-text gallery-caption' id='gallery-1-5374'>\n\t\t\t\tDer kleine See in der N\u00e4he der Marienteichbaude ist ein wahres Schmuckst\u00fcck, Sogar ein paar kurze Trails findet man hier.\n\t\t\t\t<\/figcaption><\/figure><figure class='gallery-item'>\n\t\t\t<div class='gallery-icon landscape'>\n\t\t\t\t<a href='https:\/\/www.trailtech.de\/blog\/team-fahrtechnik-fortbildung\/trailtech-240219-37\/'><img loading=\"lazy\" decoding=\"async\" width=\"150\" height=\"150\" src=\"https:\/\/www.trailtech.de\/blog\/wp-content\/uploads\/2019\/02\/trailtech-240219-37-150x150.jpg\" class=\"attachment-thumbnail size-thumbnail\" alt=\"\" aria-describedby=\"gallery-1-5377\" style=\"width:100%;height:66.77%;max-width:1920px;\" \/><\/a>\n\t\t\t<\/div>\n\t\t\t\t<figcaption class='wp-caption-text gallery-caption' id='gallery-1-5377'>\n\t\t\t\tThorsten legt das Rad bei der \u00dcbung zur Kurventechnik ordentlich auf die Seite.\n\t\t\t\t<\/figcaption><\/figure><figure class='gallery-item'>\n\t\t\t<div class='gallery-icon landscape'>\n\t\t\t\t<a href='https:\/\/www.trailtech.de\/blog\/team-fahrtechnik-fortbildung\/trailtech-240219-27\/'><img loading=\"lazy\" decoding=\"async\" width=\"150\" height=\"150\" src=\"https:\/\/www.trailtech.de\/blog\/wp-content\/uploads\/2019\/02\/trailtech-240219-27-150x150.jpg\" class=\"attachment-thumbnail size-thumbnail\" alt=\"\" aria-describedby=\"gallery-1-5375\" style=\"width:100%;height:66.77%;max-width:1920px;\" \/><\/a>\n\t\t\t<\/div>\n\t\t\t\t<figcaption class='wp-caption-text gallery-caption' id='gallery-1-5375'>\n\t\t\t\tDer Brocken im Hintergrund und die Gruppe um Trailtech Chef Jan in der Diskussion \u00fcber die optimale Fahrtechnik.\n\t\t\t\t<\/figcaption><\/figure><figure class='gallery-item'>\n\t\t\t<div class='gallery-icon landscape'>\n\t\t\t\t<a href='https:\/\/www.trailtech.de\/blog\/team-fahrtechnik-fortbildung\/trailtech-240219-33\/'><img loading=\"lazy\" decoding=\"async\" width=\"150\" height=\"150\" src=\"https:\/\/www.trailtech.de\/blog\/wp-content\/uploads\/2019\/02\/trailtech-240219-33-150x150.jpg\" class=\"attachment-thumbnail size-thumbnail\" alt=\"\" aria-describedby=\"gallery-1-5376\" style=\"width:100%;height:66.77%;max-width:1920px;\" \/><\/a>\n\t\t\t<\/div>\n\t\t\t\t<figcaption class='wp-caption-text gallery-caption' id='gallery-1-5376'>\n\t\t\t\tKurze Erkl\u00e4rung der perfekten Kurventechnik an einer breiten Forstwegkreuzung.\n\t\t\t\t<\/figcaption><\/figure><figure class='gallery-item'>\n\t\t\t<div class='gallery-icon landscape'>\n\t\t\t\t<a href='https:\/\/www.trailtech.de\/blog\/team-fahrtechnik-fortbildung\/trailtech-240219-43\/'><img loading=\"lazy\" decoding=\"async\" width=\"150\" height=\"150\" src=\"https:\/\/www.trailtech.de\/blog\/wp-content\/uploads\/2019\/02\/trailtech-240219-43-150x150.jpg\" class=\"attachment-thumbnail size-thumbnail\" alt=\"\" aria-describedby=\"gallery-1-5379\" style=\"width:100%;height:66.77%;max-width:1920px;\" \/><\/a>\n\t\t\t<\/div>\n\t\t\t\t<figcaption class='wp-caption-text gallery-caption' id='gallery-1-5379'>\n\t\t\t\tDer h\u00f6chste Gipfel und ein beliebtes Ausflugsziel mit dem Mountainbike ist der Brocken.\n\t\t\t\t<\/figcaption><\/figure><figure class='gallery-item'>\n\t\t\t<div class='gallery-icon landscape'>\n\t\t\t\t<a href='https:\/\/www.trailtech.de\/blog\/team-fahrtechnik-fortbildung\/trailtech-240219-50\/'><img loading=\"lazy\" decoding=\"async\" width=\"150\" height=\"150\" src=\"https:\/\/www.trailtech.de\/blog\/wp-content\/uploads\/2019\/02\/trailtech-240219-50-150x150.jpg\" class=\"attachment-thumbnail size-thumbnail\" alt=\"\" aria-describedby=\"gallery-1-5380\" style=\"width:100%;height:66.77%;max-width:1920px;\" \/><\/a>\n\t\t\t<\/div>\n\t\t\t\t<figcaption class='wp-caption-text gallery-caption' id='gallery-1-5380'>\n\t\t\t\tDanke an alle Guides die heute an unserer Fortbildung teilgenommen haben. Es war super.\n\t\t\t\t<\/figcaption><\/figure>\n\t\t<\/div>\n\n","protected":false},"excerpt":{"rendered":"<p>Unsere erste Team-Fortbildung in der neuen Saison in Bad Harzburg.<\/p>\n","protected":false},"author":2,"featured_media":5380,"comment_status":"closed","ping_status":"closed","sticky":false,"template":"","format":"standard","meta":{"om_disable_all_campaigns":false,"_monsterinsights_skip_tracking":false,"_monsterinsights_sitenote_active":false,"_monsterinsights_sitenote_note":"","_monsterinsights_sitenote_category":0,"footnotes":""},"categories":[15,1],"tags":[18,425,71],"class_list":["post-5366","post","type-post","status-publish","format-standard","has-post-thumbnail","hentry","category-events-szene-news","category-allgemein","tag-fahrtechnik","tag-fortbildung","tag-guiding","entry"],"aioseo_notices":[],"_links":{"self":[{"href":"https:\/\/www.trailtech.de\/blog\/wp-json\/wp\/v2\/posts\/5366","targetHints":{"allow":["GET"]}}],"collection":[{"href":"https:\/\/www.trailtech.de\/blog\/wp-json\/wp\/v2\/posts"}],"about":[{"href":"https:\/\/www.trailtech.de\/blog\/wp-json\/wp\/v2\/types\/post"}],"author":[{"embeddable":true,"href":"https:\/\/www.trailtech.de\/blog\/wp-json\/wp\/v2\/users\/2"}],"replies":[{"embeddable":true,"href":"https:\/\/www.trailtech.de\/blog\/wp-json\/wp\/v2\/comments?post=5366"}],"version-history":[{"count":3,"href":"https:\/\/www.trailtech.de\/blog\/wp-json\/wp\/v2\/posts\/5366\/revisions"}],"predecessor-version":[{"id":5382,"href":"https:\/\/www.trailtech.de\/blog\/wp-json\/wp\/v2\/posts\/5366\/revisions\/5382"}],"wp:featuredmedia":[{"embeddable":true,"href":"https:\/\/www.trailtech.de\/blog\/wp-json\/wp\/v2\/media\/5380"}],"wp:attachment":[{"href":"https:\/\/www.trailtech.de\/blog\/wp-json\/wp\/v2\/media?parent=5366"}],"wp:term":[{"taxonomy":"category","embeddable":true,"href":"https:\/\/www.trailtech.de\/blog\/wp-json\/wp\/v2\/categories?post=5366"},{"taxonomy":"post_tag","embeddable":true,"href":"https:\/\/www.trailtech.de\/blog\/wp-json\/wp\/v2\/tags?post=5366"}],"curies":[{"name":"wp","href":"https:\/\/api.w.org\/{rel}","templated":true}]}}