{"id":3184,"date":"2015-09-10T13:24:17","date_gmt":"2015-09-10T12:24:17","guid":{"rendered":"http:\/\/www.trailtech.de\/blog\/?p=3184"},"modified":"2015-09-10T13:24:17","modified_gmt":"2015-09-10T12:24:17","slug":"herbsttouren-2015","status":"publish","type":"post","link":"https:\/\/www.trailtech.de\/blog\/herbsttouren-2015\/","title":{"rendered":"Herbsttouren 2015"},"content":{"rendered":"<p>So langsam beginnt auch bei uns im Harz wieder eine der sch\u00f6nesten Jahreszeiten f\u00fcr Mountainbiker &#8211; der Herbst! Die Temperaturen sind ideal f\u00fcr ausgedehnte Tagestouren durch die sch\u00f6ne Natur und wir wollen Euch noch schnell die n\u00e4chsten Termine mitgeben:<\/p>\n<ul>\n<li><a href=\"https:\/\/www.trailtech.de\/termine\/details\/events\/flowtrails-schnuppertour-426.html\">12.09.2015 FLOWTRAILS SCHNUPPERTOUR<\/a><\/li>\n<li><a href=\"https:\/\/www.trailtech.de\/termine\/details\/events\/zwei-bauden-tour-417.html\">26.09.2015 ZWEI BAUDEN TOUR<\/a><\/li>\n<li><a href=\"https:\/\/www.trailtech.de\/termine\/details\/events\/brockenumrundung-trail-413.html\">27.09.2015 BROCKENUMRUNDUNG TRAIL<\/a><\/li>\n<li><a href=\"https:\/\/www.trailtech.de\/termine\/details\/events\/wild-westharz-trailtour-419.html\">10.10.2015 WILD WESTHARZTOUR <\/a><\/li>\n<li><a href=\"https:\/\/www.trailtech.de\/termine\/details\/events\/all-mountain-adventure-tour-422.html\">11.10.2015 ALL MOUNTAIN ADVENTURETOUR<\/a><\/li>\n<\/ul>\n<p>&nbsp;<\/p>\n","protected":false},"excerpt":{"rendered":"<p>Das Tourenprogramm f\u00fcr den Herbst 2015 bei uns im Harz!<\/p>\n","protected":false},"author":2,"featured_media":3185,"comment_status":"open","ping_status":"open","sticky":false,"template":"","format":"standard","meta":{"om_disable_all_campaigns":false,"_monsterinsights_skip_tracking":false,"_monsterinsights_sitenote_active":false,"_monsterinsights_sitenote_note":"","_monsterinsights_sitenote_category":0,"footnotes":""},"categories":[21],"tags":[71,3,144,48,1120],"class_list":["post-3184","post","type-post","status-publish","format-standard","has-post-thumbnail","hentry","category-touren","tag-guiding","tag-harz","tag-herbst","tag-mtb","tag-touren","entry"],"aioseo_notices":[],"_links":{"self":[{"href":"https:\/\/www.trailtech.de\/blog\/wp-json\/wp\/v2\/posts\/3184","targetHints":{"allow":["GET"]}}],"collection":[{"href":"https:\/\/www.trailtech.de\/blog\/wp-json\/wp\/v2\/posts"}],"about":[{"href":"https:\/\/www.trailtech.de\/blog\/wp-json\/wp\/v2\/types\/post"}],"author":[{"embeddable":true,"href":"https:\/\/www.trailtech.de\/blog\/wp-json\/wp\/v2\/users\/2"}],"replies":[{"embeddable":true,"href":"https:\/\/www.trailtech.de\/blog\/wp-json\/wp\/v2\/comments?post=3184"}],"version-history":[{"count":1,"href":"https:\/\/www.trailtech.de\/blog\/wp-json\/wp\/v2\/posts\/3184\/revisions"}],"predecessor-version":[{"id":3186,"href":"https:\/\/www.trailtech.de\/blog\/wp-json\/wp\/v2\/posts\/3184\/revisions\/3186"}],"wp:featuredmedia":[{"embeddable":true,"href":"https:\/\/www.trailtech.de\/blog\/wp-json\/wp\/v2\/media\/3185"}],"wp:attachment":[{"href":"https:\/\/www.trailtech.de\/blog\/wp-json\/wp\/v2\/media?parent=3184"}],"wp:term":[{"taxonomy":"category","embeddable":true,"href":"https:\/\/www.trailtech.de\/blog\/wp-json\/wp\/v2\/categories?post=3184"},{"taxonomy":"post_tag","embeddable":true,"href":"https:\/\/www.trailtech.de\/blog\/wp-json\/wp\/v2\/tags?post=3184"}],"curies":[{"name":"wp","href":"https:\/\/api.w.org\/{rel}","templated":true}]}}