{"id":2005,"date":"2013-08-13T12:37:09","date_gmt":"2013-08-13T11:37:09","guid":{"rendered":"http:\/\/www.trailtech.de\/blog\/?p=2005"},"modified":"2013-08-13T12:37:09","modified_gmt":"2013-08-13T11:37:09","slug":"traildays-sud-2","status":"publish","type":"post","link":"https:\/\/www.trailtech.de\/blog\/traildays-sud-2\/","title":{"rendered":"Traildays S\u00fcd"},"content":{"rendered":"<figure id=\"attachment_2012\" aria-describedby=\"caption-attachment-2012\" style=\"width: 105px\" class=\"wp-caption alignleft\"><a rel=\"attachment wp-att-2012\" href=\"https:\/\/www.trailtech.de\/blog\/wp-content\/uploads\/2013\/08\/Anhang-1.jpg\"><img loading=\"lazy\" decoding=\"async\" class=\"size-thumbnail wp-image-2012 \" title=\"TRAILTECH - Traildays S\u00fcd August\" src=\"https:\/\/www.trailtech.de\/blog\/wp-content\/uploads\/2013\/08\/Anhang-1-150x150.jpg\" alt=\"TRAILTECH - Traildays S\u00fcd August\" width=\"105\" height=\"105\" \/><\/a><figcaption id=\"caption-attachment-2012\" class=\"wp-caption-text\">TRAILTECH - Traildays S\u00fcd August<\/figcaption><\/figure>\n<p>Am Sonntag 11.08.2013 ging es mal wieder durch den sch\u00f6nen S\u00fcdharz und unsere<strong> TRAILDAYS S\u00fcd<\/strong> Gruppe hatte auf der letztlich doch etwas l\u00e4ngeren Runde von \u00fcber 60km und knappen 1600Hm eine Menge Spa\u00df. Unsere &#8222;Reisegruppe&#8220; war durch einige kurzfristige Ausf\u00e4lle dieses mal sehr \u00fcberschaubar und so kamen wir relativ flott durch den Tag. Die Region um Osterode, Herzberg, St.Andreasberg und Bad Lauterberg hat Ihren ganz eigenen Charme und ist mit dem Norden oder Hochharz nicht zu vergleichen. Sanfte H\u00fcgel, tiefe T\u00e4ler und herrliche, weite Panoramen wechseln sich ab &#8211;\u00a0 die Trails sind in der Regel technisch weniger anspruchsvoll aber daf\u00fcr lang und sehr flowig. Auch das Wetter spielte an diesem Tag mit und wir hatten angenehme Temperaturen um 20\u00b0. Die Tour ist konditionell sicher keine Einsteigertour, etwas Fitness sollte man f\u00fcr diesen Tagesausflug schon mitbrignen. Doch fahren wir kein Rennen und genie\u00dfen den Tag getreu unserer Philosophie &#8222;Der Weg ist das Ziel&#8220;. Danke nochmal an alle Teilnehmer f\u00fcr den genialen Sonntag.<\/p>\n<div id='gallery-1' class='gallery galleryid-2005 gallery-columns-4 gallery-size-thumbnail'><figure class='gallery-item'>\n\t\t\t<div class='gallery-icon landscape'>\n\t\t\t\t<a href='https:\/\/www.trailtech.de\/blog\/wp-content\/uploads\/2013\/08\/2013-08-08-17.59.02.jpg'><img loading=\"lazy\" decoding=\"async\" width=\"150\" height=\"150\" src=\"https:\/\/www.trailtech.de\/blog\/wp-content\/uploads\/2013\/08\/2013-08-08-17.59.02-150x150.jpg\" class=\"attachment-thumbnail size-thumbnail\" alt=\"\" aria-describedby=\"gallery-1-2006\" style=\"width:100%;height:74.71%;max-width:1024px;\" \/><\/a>\n\t\t\t<\/div>\n\t\t\t\t<figcaption class='wp-caption-text gallery-caption' id='gallery-1-2006'>\n\t\t\t\tTRAILTECH &#8211; Traildays S\u00fcd August\n\t\t\t\t<\/figcaption><\/figure><figure class='gallery-item'>\n\t\t\t<div class='gallery-icon landscape'>\n\t\t\t\t<a href='https:\/\/www.trailtech.de\/blog\/wp-content\/uploads\/2013\/08\/2013-08-08-18.10.36.jpg'><img loading=\"lazy\" decoding=\"async\" width=\"150\" height=\"150\" src=\"https:\/\/www.trailtech.de\/blog\/wp-content\/uploads\/2013\/08\/2013-08-08-18.10.36-150x150.jpg\" class=\"attachment-thumbnail size-thumbnail\" alt=\"\" aria-describedby=\"gallery-1-2007\" style=\"width:100%;height:74.71%;max-width:1024px;\" \/><\/a>\n\t\t\t<\/div>\n\t\t\t\t<figcaption class='wp-caption-text gallery-caption' id='gallery-1-2007'>\n\t\t\t\tTRAILTECH &#8211; Traildays S\u00fcd August\n\t\t\t\t<\/figcaption><\/figure><figure class='gallery-item'>\n\t\t\t<div class='gallery-icon landscape'>\n\t\t\t\t<a href='https:\/\/www.trailtech.de\/blog\/wp-content\/uploads\/2013\/08\/2013-08-08-18.18.37.jpg'><img loading=\"lazy\" decoding=\"async\" width=\"150\" height=\"150\" src=\"https:\/\/www.trailtech.de\/blog\/wp-content\/uploads\/2013\/08\/2013-08-08-18.18.37-150x150.jpg\" class=\"attachment-thumbnail size-thumbnail\" alt=\"\" aria-describedby=\"gallery-1-2008\" style=\"width:100%;height:74.71%;max-width:1024px;\" \/><\/a>\n\t\t\t<\/div>\n\t\t\t\t<figcaption class='wp-caption-text gallery-caption' id='gallery-1-2008'>\n\t\t\t\tTRAILTECH &#8211; Traildays S\u00fcd August\n\t\t\t\t<\/figcaption><\/figure><figure class='gallery-item'>\n\t\t\t<div class='gallery-icon landscape'>\n\t\t\t\t<a href='https:\/\/www.trailtech.de\/blog\/wp-content\/uploads\/2013\/08\/2013-08-11-12.57.20.jpg'><img loading=\"lazy\" decoding=\"async\" width=\"150\" height=\"150\" src=\"https:\/\/www.trailtech.de\/blog\/wp-content\/uploads\/2013\/08\/2013-08-11-12.57.20-150x150.jpg\" class=\"attachment-thumbnail size-thumbnail\" alt=\"\" aria-describedby=\"gallery-1-2009\" style=\"width:100%;height:74.71%;max-width:1024px;\" \/><\/a>\n\t\t\t<\/div>\n\t\t\t\t<figcaption class='wp-caption-text gallery-caption' id='gallery-1-2009'>\n\t\t\t\tTRAILTECH &#8211; Traildays S\u00fcd August\n\t\t\t\t<\/figcaption><\/figure><figure class='gallery-item'>\n\t\t\t<div class='gallery-icon landscape'>\n\t\t\t\t<a href='https:\/\/www.trailtech.de\/blog\/wp-content\/uploads\/2013\/08\/2013-08-11-12.57.23.jpg'><img loading=\"lazy\" decoding=\"async\" width=\"150\" height=\"150\" src=\"https:\/\/www.trailtech.de\/blog\/wp-content\/uploads\/2013\/08\/2013-08-11-12.57.23-150x150.jpg\" class=\"attachment-thumbnail size-thumbnail\" alt=\"\" aria-describedby=\"gallery-1-2010\" style=\"width:100%;height:74.71%;max-width:1024px;\" \/><\/a>\n\t\t\t<\/div>\n\t\t\t\t<figcaption class='wp-caption-text gallery-caption' id='gallery-1-2010'>\n\t\t\t\tTRAILTECH &#8211; Traildays S\u00fcd August\n\t\t\t\t<\/figcaption><\/figure><figure class='gallery-item'>\n\t\t\t<div class='gallery-icon portrait'>\n\t\t\t\t<a href='https:\/\/www.trailtech.de\/blog\/wp-content\/uploads\/2013\/08\/2013-08-11-16.32.35.jpg'><img loading=\"lazy\" decoding=\"async\" width=\"150\" height=\"150\" src=\"https:\/\/www.trailtech.de\/blog\/wp-content\/uploads\/2013\/08\/2013-08-11-16.32.35-150x150.jpg\" class=\"attachment-thumbnail size-thumbnail\" alt=\"\" aria-describedby=\"gallery-1-2011\" style=\"width:100%;height:133.86%;max-width:765px;\" \/><\/a>\n\t\t\t<\/div>\n\t\t\t\t<figcaption class='wp-caption-text gallery-caption' id='gallery-1-2011'>\n\t\t\t\tTRAILTECH &#8211; Traildays S\u00fcd August\n\t\t\t\t<\/figcaption><\/figure><figure class='gallery-item'>\n\t\t\t<div class='gallery-icon landscape'>\n\t\t\t\t<a href='https:\/\/www.trailtech.de\/blog\/wp-content\/uploads\/2013\/08\/Anhang-1.jpg'><img loading=\"lazy\" decoding=\"async\" width=\"150\" height=\"150\" src=\"https:\/\/www.trailtech.de\/blog\/wp-content\/uploads\/2013\/08\/Anhang-1-150x150.jpg\" class=\"attachment-thumbnail size-thumbnail\" alt=\"\" aria-describedby=\"gallery-1-2012\" style=\"width:100%;height:75%;max-width:1024px;\" \/><\/a>\n\t\t\t<\/div>\n\t\t\t\t<figcaption class='wp-caption-text gallery-caption' id='gallery-1-2012'>\n\t\t\t\tTRAILTECH &#8211; Traildays S\u00fcd August\n\t\t\t\t<\/figcaption><\/figure><figure class='gallery-item'>\n\t\t\t<div class='gallery-icon landscape'>\n\t\t\t\t<a href='https:\/\/www.trailtech.de\/blog\/wp-content\/uploads\/2013\/08\/Anhang-2.jpg'><img loading=\"lazy\" decoding=\"async\" width=\"150\" height=\"150\" src=\"https:\/\/www.trailtech.de\/blog\/wp-content\/uploads\/2013\/08\/Anhang-2-150x150.jpg\" class=\"attachment-thumbnail size-thumbnail\" alt=\"\" aria-describedby=\"gallery-1-2013\" style=\"width:100%;height:75%;max-width:1024px;\" \/><\/a>\n\t\t\t<\/div>\n\t\t\t\t<figcaption class='wp-caption-text gallery-caption' id='gallery-1-2013'>\n\t\t\t\tTRAILTECH &#8211; Traildays S\u00fcd August\n\t\t\t\t<\/figcaption><\/figure><figure class='gallery-item'>\n\t\t\t<div class='gallery-icon landscape'>\n\t\t\t\t<a href='https:\/\/www.trailtech.de\/blog\/wp-content\/uploads\/2013\/08\/Anhang-3.jpg'><img loading=\"lazy\" decoding=\"async\" width=\"150\" height=\"150\" src=\"https:\/\/www.trailtech.de\/blog\/wp-content\/uploads\/2013\/08\/Anhang-3-150x150.jpg\" class=\"attachment-thumbnail size-thumbnail\" alt=\"\" aria-describedby=\"gallery-1-2014\" style=\"width:100%;height:75%;max-width:1024px;\" \/><\/a>\n\t\t\t<\/div>\n\t\t\t\t<figcaption class='wp-caption-text gallery-caption' id='gallery-1-2014'>\n\t\t\t\tTRAILTECH &#8211; Traildays S\u00fcd August\n\t\t\t\t<\/figcaption><\/figure><figure class='gallery-item'>\n\t\t\t<div class='gallery-icon landscape'>\n\t\t\t\t<a href='https:\/\/www.trailtech.de\/blog\/wp-content\/uploads\/2013\/08\/Anhang-4-2.jpg'><img loading=\"lazy\" decoding=\"async\" width=\"150\" height=\"150\" src=\"https:\/\/www.trailtech.de\/blog\/wp-content\/uploads\/2013\/08\/Anhang-4-2-150x150.jpg\" class=\"attachment-thumbnail size-thumbnail\" alt=\"\" aria-describedby=\"gallery-1-2015\" style=\"width:100%;height:75%;max-width:1024px;\" \/><\/a>\n\t\t\t<\/div>\n\t\t\t\t<figcaption class='wp-caption-text gallery-caption' id='gallery-1-2015'>\n\t\t\t\tTRAILTECH &#8211; Traildays S\u00fcd August\n\t\t\t\t<\/figcaption><\/figure><figure class='gallery-item'>\n\t\t\t<div class='gallery-icon landscape'>\n\t\t\t\t<a href='https:\/\/www.trailtech.de\/blog\/wp-content\/uploads\/2013\/08\/Anhang-4.jpg'><img loading=\"lazy\" decoding=\"async\" width=\"150\" height=\"150\" src=\"https:\/\/www.trailtech.de\/blog\/wp-content\/uploads\/2013\/08\/Anhang-4-150x150.jpg\" class=\"attachment-thumbnail size-thumbnail\" alt=\"\" aria-describedby=\"gallery-1-2016\" style=\"width:100%;height:75%;max-width:1024px;\" \/><\/a>\n\t\t\t<\/div>\n\t\t\t\t<figcaption class='wp-caption-text gallery-caption' id='gallery-1-2016'>\n\t\t\t\tTRAILTECH &#8211; Traildays S\u00fcd August\n\t\t\t\t<\/figcaption><\/figure>\n\t\t<\/div>\n\n","protected":false},"excerpt":{"rendered":"<p>Am Sonntag 11.08.2013 ging es mal wieder durch den sch\u00f6nen S\u00fcdharz und unsere TRAILDAYS S\u00fcd Gruppe hatte auf der letztlich doch etwas l\u00e4ngeren Runde von \u00fcber 60km und knappen 1600Hm eine Menge Spa\u00df. Die Region um Osterode, Herzberg, St.Andreasberg und Bad Lauterberg hat Ihren ganz eigenen Charme und ist mit dem Norden oder Hochharz nicht zu vergleichen. Sanfte H\u00fcgel, tiefe T\u00e4ler und herrliche, weite Panoramen wechseln sich ab &#8211;  die Trails sind in der Regel technisch weniger anspruchsvoll aber daf\u00fcr lang und sehr flowig.<\/p>\n","protected":false},"author":2,"featured_media":0,"comment_status":"open","ping_status":"open","sticky":false,"template":"","format":"standard","meta":{"om_disable_all_campaigns":false,"_monsterinsights_skip_tracking":false,"_monsterinsights_sitenote_active":false,"_monsterinsights_sitenote_note":"","_monsterinsights_sitenote_category":0,"footnotes":""},"categories":[21],"tags":[363,71,3,31,33,964,479,51,44,19,8],"class_list":["post-2005","post","type-post","status-publish","format-standard","hentry","category-touren","tag-andreasberg","tag-guiding","tag-harz","tag-herzberg","tag-osterode","tag-sud","tag-teilnehmer","tag-tour","tag-traildays","tag-trails","tag-trailtech","entry"],"aioseo_notices":[],"_links":{"self":[{"href":"https:\/\/www.trailtech.de\/blog\/wp-json\/wp\/v2\/posts\/2005","targetHints":{"allow":["GET"]}}],"collection":[{"href":"https:\/\/www.trailtech.de\/blog\/wp-json\/wp\/v2\/posts"}],"about":[{"href":"https:\/\/www.trailtech.de\/blog\/wp-json\/wp\/v2\/types\/post"}],"author":[{"embeddable":true,"href":"https:\/\/www.trailtech.de\/blog\/wp-json\/wp\/v2\/users\/2"}],"replies":[{"embeddable":true,"href":"https:\/\/www.trailtech.de\/blog\/wp-json\/wp\/v2\/comments?post=2005"}],"version-history":[{"count":2,"href":"https:\/\/www.trailtech.de\/blog\/wp-json\/wp\/v2\/posts\/2005\/revisions"}],"predecessor-version":[{"id":2018,"href":"https:\/\/www.trailtech.de\/blog\/wp-json\/wp\/v2\/posts\/2005\/revisions\/2018"}],"wp:attachment":[{"href":"https:\/\/www.trailtech.de\/blog\/wp-json\/wp\/v2\/media?parent=2005"}],"wp:term":[{"taxonomy":"category","embeddable":true,"href":"https:\/\/www.trailtech.de\/blog\/wp-json\/wp\/v2\/categories?post=2005"},{"taxonomy":"post_tag","embeddable":true,"href":"https:\/\/www.trailtech.de\/blog\/wp-json\/wp\/v2\/tags?post=2005"}],"curies":[{"name":"wp","href":"https:\/\/api.w.org\/{rel}","templated":true}]}}