{"id":1881,"date":"2013-05-17T08:48:58","date_gmt":"2013-05-17T07:48:58","guid":{"rendered":"http:\/\/www.trailtech.de\/blog\/?p=1881"},"modified":"2013-05-17T08:49:18","modified_gmt":"2013-05-17T07:49:18","slug":"spende-ig-harz","status":"publish","type":"post","link":"https:\/\/www.trailtech.de\/blog\/spende-ig-harz\/","title":{"rendered":"SPENDE IG-Harz"},"content":{"rendered":"<figure id=\"attachment_1882\" aria-describedby=\"caption-attachment-1882\" style=\"width: 150px\" class=\"wp-caption alignleft\"><a rel=\"attachment wp-att-1882\" href=\"https:\/\/www.trailtech.de\/blog\/wp-content\/uploads\/2013\/05\/DSC_0265-web.jpg\"><img loading=\"lazy\" decoding=\"async\" class=\"size-thumbnail wp-image-1882\" title=\"Ein Harz F\u00fcr MTB\" src=\"https:\/\/www.trailtech.de\/blog\/wp-content\/uploads\/2013\/05\/DSC_0265-web-150x150.jpg\" alt=\"Ein Harz F\u00fcr MTB\" width=\"150\" height=\"150\" \/><\/a><figcaption id=\"caption-attachment-1882\" class=\"wp-caption-text\">Ein Harz F\u00fcr MTB<\/figcaption><\/figure>\n<p>Wir haben im Rahmen unserer <a href=\"https:\/\/www.facebook.com\/EinHarzFuerMtb?ref=stream\"><strong>&#8222;Ein Harz F\u00fcr MTB&#8220;<\/strong><\/a> Kampagne seit Herbst letzten Jahres flei\u00dfig T-Shirts verkauft, Sticker verteilt und Gelder gesammelt um die Arbeit der <a href=\"http:\/\/www.ig-harz.de\/\"><strong>DIMB IG-HARZ<\/strong><\/a> vor Ort aktiv zu unterst\u00fctzen. Danke an dieser Stelle auch an Garrit und alle Mitstreiter, die sich mit viel Zeit und Herzblut &#8211; oder besser Harzblut &#8211; der Thematik annehmen! Die ersten 150,- \u20ac haben wir der IG Harz nun in Form einer Spende zur Verf\u00fcgung gestellt und werden nat\u00fcrlich auch weiterhin unsere Unterst\u00fctzung in jeglicher Form anbieten.<br \/>\nMit unserer Aktion &#8222;Ein Harz F\u00fcr MTB&#8220; wollen wir das Mountainbiken in der gesamten Harzregion weiter nach vorne bringen. Wir finden das es wichtig ist, den Dialog mit den Forstverwaltungen, der Nationalparkverwaltung, Wanderverb\u00e4nden und weiteren Nutzergruppen zu suchen, Aufkl\u00e4rungsarbeit zu leisten und sich bei kritischen Themen wie Wegesperrungen, Naturschutz usw. mit diesen an einen Tisch zu setzen. Wenn auch Ihr Euch an der &#8222;Ein Harz F\u00fcr MTB&#8220; Aktion beteiligen m\u00f6chtet &#8211; 5,- \u20ac pro verkauftem <a href=\"https:\/\/www.trailtech.de\/klamotten.html\"><strong>&#8222;EHFMTB&#8220;\u00a0 T-SHIRT<\/strong><\/a> werden wir sammeln und f\u00fcr zuk\u00fcnftige Projekte und Aktionen z.B. der IG-Harz zur Verf\u00fcgung stellen. Ride On!<\/p>\n","protected":false},"excerpt":{"rendered":"<p>Ein Harz F\u00fcr MTB<br \/>\n    Ein Harz F\u00fcr MTB<\/p>\n<p>Wir haben im Rahmen unserer &#8222;Ein Harz F\u00fcr MTB&#8220; Kampagne seit Herbst letzten Jahres flei\u00dfig T-Shirts verkauft, Sticker verteilt und Gelder gesammelt um die Arbeit der DIMB IG-HARZ vor Ort aktiv zu unterst\u00fctzen. Danke an dieser Stelle auch an Garrit und alle Mitstreiter, die sich mit viel Zeit und Herzblut &#8211; oder besser Harzblut &#8211; der Thematik annehmen! Die ersten 150,- \u20ac haben wir der IG Harz nun in Form einer Spende zur Verf\u00fcgung gestellt und werden nat\u00fcrlich auch weiterhin unsere Unterst\u00fctzung in jeglicher Form anbieten.<\/p>\n","protected":false},"author":2,"featured_media":0,"comment_status":"open","ping_status":"open","sticky":false,"template":"","format":"standard","meta":{"om_disable_all_campaigns":false,"_monsterinsights_skip_tracking":false,"_monsterinsights_sitenote_active":false,"_monsterinsights_sitenote_note":"","_monsterinsights_sitenote_category":0,"footnotes":""},"categories":[15],"tags":[945,878,946,911,942,3,920,7,944,48,110,214,943,8],"class_list":["post-1881","post","type-post","status-publish","format-standard","hentry","category-events-szene-news","tag-aktion","tag-aufklarung","tag-dialog","tag-forst","tag-fur","tag-harz","tag-ig","tag-mountainbike","tag-mountainbiken","tag-mtb","tag-nationalpark","tag-shirt","tag-spende","tag-trailtech","entry"],"aioseo_notices":[],"_links":{"self":[{"href":"https:\/\/www.trailtech.de\/blog\/wp-json\/wp\/v2\/posts\/1881","targetHints":{"allow":["GET"]}}],"collection":[{"href":"https:\/\/www.trailtech.de\/blog\/wp-json\/wp\/v2\/posts"}],"about":[{"href":"https:\/\/www.trailtech.de\/blog\/wp-json\/wp\/v2\/types\/post"}],"author":[{"embeddable":true,"href":"https:\/\/www.trailtech.de\/blog\/wp-json\/wp\/v2\/users\/2"}],"replies":[{"embeddable":true,"href":"https:\/\/www.trailtech.de\/blog\/wp-json\/wp\/v2\/comments?post=1881"}],"version-history":[{"count":4,"href":"https:\/\/www.trailtech.de\/blog\/wp-json\/wp\/v2\/posts\/1881\/revisions"}],"predecessor-version":[{"id":1886,"href":"https:\/\/www.trailtech.de\/blog\/wp-json\/wp\/v2\/posts\/1881\/revisions\/1886"}],"wp:attachment":[{"href":"https:\/\/www.trailtech.de\/blog\/wp-json\/wp\/v2\/media?parent=1881"}],"wp:term":[{"taxonomy":"category","embeddable":true,"href":"https:\/\/www.trailtech.de\/blog\/wp-json\/wp\/v2\/categories?post=1881"},{"taxonomy":"post_tag","embeddable":true,"href":"https:\/\/www.trailtech.de\/blog\/wp-json\/wp\/v2\/tags?post=1881"}],"curies":[{"name":"wp","href":"https:\/\/api.w.org\/{rel}","templated":true}]}}