{"id":118,"date":"2009-05-19T10:40:07","date_gmt":"2009-05-19T09:40:07","guid":{"rendered":"http:\/\/www.trailtech.de\/blog\/?p=118"},"modified":"2009-05-19T10:40:07","modified_gmt":"2009-05-19T09:40:07","slug":"norco-leihbikes","status":"publish","type":"post","link":"https:\/\/www.trailtech.de\/blog\/norco-leihbikes\/","title":{"rendered":"NORCO LEIHBIKES"},"content":{"rendered":"<p>Wir haben unsere Leihbike Flotte mit zwei All-Mountain- &amp; Endurobikes erweitert. Zur Verf\u00fcgung stehen ein NORCO Fluid LT 2 und ein NORCO Six 1 &#8211; beide mit rund 160mm Federweg ausgelegt und dabei trotzdem noch erstaunlich leicht. Die Bikes kommen in Gr\u00f6\u00dfe M\/L und sind f\u00fcr Personen von ca. 175cm &#8211; 190cm K\u00f6rpergr\u00f6\u00dfe geeignet. Ab sofort k\u00f6nnen unsere Kunden die zwei hochwertig ausgestatteten Maschinen f\u00fcr alle TRAILDAYS oder FAHRTECHNIKSEMINARE ausleihen. Die Leihgeb\u00fchren betragen \u20ac 25 pro Bike und Tag.<\/p>\n<div id='gallery-1' class='gallery galleryid-118 gallery-columns-2 gallery-size-thumbnail'><figure class='gallery-item'>\n\t\t\t<div class='gallery-icon landscape'>\n\t\t\t\t<a href='https:\/\/www.trailtech.de\/blog\/wp-content\/uploads\/2009\/05\/fluid-lt-2.jpg'><img loading=\"lazy\" decoding=\"async\" width=\"150\" height=\"150\" src=\"https:\/\/www.trailtech.de\/blog\/wp-content\/uploads\/2009\/05\/fluid-lt-2-150x150.jpg\" class=\"attachment-thumbnail size-thumbnail\" alt=\"\" style=\"width:100%;height:75.26%;max-width:2546px;\" \/><\/a>\n\t\t\t<\/div><\/figure><figure class='gallery-item'>\n\t\t\t<div class='gallery-icon landscape'>\n\t\t\t\t<a href='https:\/\/www.trailtech.de\/blog\/wp-content\/uploads\/2009\/05\/six-one.jpg'><img loading=\"lazy\" decoding=\"async\" width=\"150\" height=\"150\" src=\"https:\/\/www.trailtech.de\/blog\/wp-content\/uploads\/2009\/05\/six-one-150x150.jpg\" class=\"attachment-thumbnail size-thumbnail\" alt=\"\" style=\"width:100%;height:74.67%;max-width:2614px;\" \/><\/a>\n\t\t\t<\/div><\/figure>\n\t\t<\/div>\n\n","protected":false},"excerpt":{"rendered":"<p>Zwei neue Norco Leihbikes sind f\u00fcr alle unsere Harz MTB-Fahrtechnik Kurse, Touren &#038; Seminare verf\u00fcgbar!<\/p>\n","protected":false},"author":2,"featured_media":0,"comment_status":"open","ping_status":"open","sticky":false,"template":"","format":"standard","meta":{"om_disable_all_campaigns":false,"_monsterinsights_skip_tracking":false,"_monsterinsights_sitenote_active":false,"_monsterinsights_sitenote_note":"","_monsterinsights_sitenote_category":0,"footnotes":""},"categories":[14],"tags":[46,5,45,18,3,37,42,7,43,23,1120,44,8,20],"class_list":["post-118","post","type-post","status-publish","format-standard","hentry","category-technik","tag-all-mountain","tag-bike","tag-enduro","tag-fahrtechnik","tag-harz","tag-kurse","tag-leihbike","tag-mountainbike","tag-norco","tag-seminare","tag-touren","tag-traildays","tag-trailtech","tag-training","entry"],"aioseo_notices":[],"_links":{"self":[{"href":"https:\/\/www.trailtech.de\/blog\/wp-json\/wp\/v2\/posts\/118","targetHints":{"allow":["GET"]}}],"collection":[{"href":"https:\/\/www.trailtech.de\/blog\/wp-json\/wp\/v2\/posts"}],"about":[{"href":"https:\/\/www.trailtech.de\/blog\/wp-json\/wp\/v2\/types\/post"}],"author":[{"embeddable":true,"href":"https:\/\/www.trailtech.de\/blog\/wp-json\/wp\/v2\/users\/2"}],"replies":[{"embeddable":true,"href":"https:\/\/www.trailtech.de\/blog\/wp-json\/wp\/v2\/comments?post=118"}],"version-history":[{"count":5,"href":"https:\/\/www.trailtech.de\/blog\/wp-json\/wp\/v2\/posts\/118\/revisions"}],"predecessor-version":[{"id":125,"href":"https:\/\/www.trailtech.de\/blog\/wp-json\/wp\/v2\/posts\/118\/revisions\/125"}],"wp:attachment":[{"href":"https:\/\/www.trailtech.de\/blog\/wp-json\/wp\/v2\/media?parent=118"}],"wp:term":[{"taxonomy":"category","embeddable":true,"href":"https:\/\/www.trailtech.de\/blog\/wp-json\/wp\/v2\/categories?post=118"},{"taxonomy":"post_tag","embeddable":true,"href":"https:\/\/www.trailtech.de\/blog\/wp-json\/wp\/v2\/tags?post=118"}],"curies":[{"name":"wp","href":"https:\/\/api.w.org\/{rel}","templated":true}]}}